{"id":397,"date":"2024-11-26T10:45:42","date_gmt":"2024-11-26T09:45:42","guid":{"rendered":"https:\/\/hpse.fr\/?p=397"},"modified":"2025-08-08T11:41:02","modified_gmt":"2025-08-08T09:41:02","slug":"nos-actions-en-decembre","status":"publish","type":"post","link":"https:\/\/hpse.fr\/index.php\/2024\/11\/26\/nos-actions-en-decembre\/","title":{"rendered":"Nos actions en d\u00e9cembre!"},"content":{"rendered":"\n<p>Le mois de d\u00e9cembre sera pour nous un mois d\u00e9di\u00e9 au charbon&#8230; Le 6 d\u00e9cembre, vous pourrez venir \u00e9couter Christian G\u00e9rard et Nad\u00e8ge Niquet pour leur conf\u00e9rence: Le <a><\/a>Temps des mines \u00e0 Saint-Etienne par les images. Cette conf\u00e9rence est \u00e0 nouveau programm\u00e9e gr\u00e2ce \u00e0 l&rsquo;invitation de l&rsquo;Amicale La\u00efque de la Terrasse. Elle aura lieu donc le 6 d\u00e9cembre \u00e0 20h dans les locaux de l&rsquo;Amicale, 5 rue Saint-Exup\u00e9ry.<\/p>\n\n\n\n<p>Le 14 d\u00e9cembre, 14h30, au Mus\u00e9e d&rsquo;Art et d&rsquo;Industrie, vous pourrez suivre une conf\u00e9rence de Pierre Habig Les montagnes de feu de Saint-Etienne, red\u00e9couverte d\u2019un patrimoine oubli\u00e9. La conf\u00e9rence \u00e9voquera des \u00e9l\u00e9ments de notre patrimoine longtemps tomb\u00e9s dans l&rsquo;oubli, li\u00e9 au paysage minier du Saint-Etienne-de-Furan \u00e0 la Renaissance, la \u00ab\u00a0boutique de Vulcain\u00a0\u00bb, et remis \u00e0 jour suite \u00e0 la d\u00e9couverte r\u00e9cente de vestiges miniers des \u00e9poques pr\u00e9industrielles.<\/p>\n\n\n\n<p>Et puis \u00e0 Saint-Etienne quand on travaille on dit \u00ab\u00a0aller au charbon\u00a0\u00bb&#8230; c&rsquo;est ce que feront aussi nos b\u00e9n\u00e9voles 3 samedis apr\u00e8s-midi de d\u00e9cembre, le 7 le 14 et le 21! Ils vous attendront \u00e0 notre boutique de l&rsquo;H\u00f4tel de Villeneuve afin de vous faire d\u00e9couvrir nos publications, revues et livres! C&rsquo;est le moment des cadeaux de No\u00ebl! Pensez-y!<\/p>\n\n\n\n<figure class=\"wp-block-image size-large\"><img loading=\"lazy\" decoding=\"async\" width=\"724\" height=\"1024\" src=\"https:\/\/hpse.fr\/wp-content\/uploads\/2024\/11\/Mines-24_page-0001-724x1024.jpg\" alt=\"Invitation pour la Sainte Barbe \u00e0 L'Amicale La\u00efque de la Terrasse\" class=\"wp-image-390\" srcset=\"https:\/\/hpse.fr\/wp-content\/uploads\/2024\/11\/Mines-24_page-0001-724x1024.jpg 724w, https:\/\/hpse.fr\/wp-content\/uploads\/2024\/11\/Mines-24_page-0001-212x300.jpg 212w, https:\/\/hpse.fr\/wp-content\/uploads\/2024\/11\/Mines-24_page-0001-768x1086.jpg 768w, https:\/\/hpse.fr\/wp-content\/uploads\/2024\/11\/Mines-24_page-0001-1086x1536.jpg 1086w, https:\/\/hpse.fr\/wp-content\/uploads\/2024\/11\/Mines-24_page-0001.jpg 1241w\" sizes=\"auto, (max-width: 724px) 100vw, 724px\" \/><\/figure>\n\n\n\n<figure class=\"wp-block-image size-large\"><img loading=\"lazy\" decoding=\"async\" width=\"724\" height=\"1024\" src=\"https:\/\/hpse.fr\/wp-content\/uploads\/2024\/11\/White-Black-Gray-Minimalist-A4-Stationery-Paper-Document-724x1024.png\" alt=\"Conf\u00e9rence Au Mus\u00e9e d'Art et d'Industrie\" class=\"wp-image-398\" srcset=\"https:\/\/hpse.fr\/wp-content\/uploads\/2024\/11\/White-Black-Gray-Minimalist-A4-Stationery-Paper-Document-724x1024.png 724w, https:\/\/hpse.fr\/wp-content\/uploads\/2024\/11\/White-Black-Gray-Minimalist-A4-Stationery-Paper-Document-212x300.png 212w, https:\/\/hpse.fr\/wp-content\/uploads\/2024\/11\/White-Black-Gray-Minimalist-A4-Stationery-Paper-Document-768x1086.png 768w, https:\/\/hpse.fr\/wp-content\/uploads\/2024\/11\/White-Black-Gray-Minimalist-A4-Stationery-Paper-Document-1086x1536.png 1086w, https:\/\/hpse.fr\/wp-content\/uploads\/2024\/11\/White-Black-Gray-Minimalist-A4-Stationery-Paper-Document.png 1414w\" sizes=\"auto, (max-width: 724px) 100vw, 724px\" \/><\/figure>\n\n\n\n<figure class=\"wp-block-image size-large\"><img loading=\"lazy\" decoding=\"async\" width=\"1024\" height=\"724\" src=\"https:\/\/hpse.fr\/wp-content\/uploads\/2024\/11\/Affiche-Marche-de-Noel-2024-1024x724.jpg\" alt=\"\" class=\"wp-image-387\" srcset=\"https:\/\/hpse.fr\/wp-content\/uploads\/2024\/11\/Affiche-Marche-de-Noel-2024-1024x724.jpg 1024w, https:\/\/hpse.fr\/wp-content\/uploads\/2024\/11\/Affiche-Marche-de-Noel-2024-300x212.jpg 300w, https:\/\/hpse.fr\/wp-content\/uploads\/2024\/11\/Affiche-Marche-de-Noel-2024-768x543.jpg 768w, https:\/\/hpse.fr\/wp-content\/uploads\/2024\/11\/Affiche-Marche-de-Noel-2024-1536x1086.jpg 1536w, https:\/\/hpse.fr\/wp-content\/uploads\/2024\/11\/Affiche-Marche-de-Noel-2024.jpg 2000w\" sizes=\"auto, (max-width: 1024px) 100vw, 1024px\" \/><\/figure>\n","protected":false},"excerpt":{"rendered":"<p>Le mois de d\u00e9cembre sera pour nous un mois d\u00e9di\u00e9 au charbon&#8230; Le 6 d\u00e9cembre, vous pourrez venir \u00e9couter Christian G\u00e9rard et Nad\u00e8ge Niquet pour leur conf\u00e9rence: Le Temps des mines \u00e0 Saint-Etienne par les images. Cette conf\u00e9rence est \u00e0 nouveau programm\u00e9e gr\u00e2ce \u00e0 l&rsquo;invitation de l&rsquo;Amicale La\u00efque de la Terrasse. Elle aura lieu donc le 6 d\u00e9cembre \u00e0 20h dans les locaux de l&rsquo;Amicale, 5 rue Saint-Exup\u00e9ry. Le 14 d\u00e9cembre, 14h30, au Mus\u00e9e d&rsquo;Art et d&rsquo;Industrie, vous pourrez suivre une conf\u00e9rence de Pierre Habig Les montagnes de feu de Saint-Etienne, red\u00e9couverte d\u2019un patrimoine oubli\u00e9. La conf\u00e9rence \u00e9voquera des \u00e9l\u00e9ments&hellip;<\/p>\n<p> <a class=\"more-link\" href=\"https:\/\/hpse.fr\/index.php\/2024\/11\/26\/nos-actions-en-decembre\/\">Lire la suite<\/a><\/p>\n","protected":false},"author":1,"featured_media":390,"comment_status":"open","ping_status":"open","sticky":false,"template":"","format":"standard","meta":{"_jetpack_memberships_contains_paid_content":false,"footnotes":""},"categories":[1],"tags":[],"class_list":["post-397","post","type-post","status-publish","format-standard","has-post-thumbnail","category-non-classe"],"jetpack_featured_media_url":"https:\/\/hpse.fr\/wp-content\/uploads\/2024\/11\/Mines-24_page-0001.jpg","jetpack_sharing_enabled":true,"_links":{"self":[{"href":"https:\/\/hpse.fr\/index.php\/wp-json\/wp\/v2\/posts\/397","targetHints":{"allow":["GET"]}}],"collection":[{"href":"https:\/\/hpse.fr\/index.php\/wp-json\/wp\/v2\/posts"}],"about":[{"href":"https:\/\/hpse.fr\/index.php\/wp-json\/wp\/v2\/types\/post"}],"author":[{"embeddable":true,"href":"https:\/\/hpse.fr\/index.php\/wp-json\/wp\/v2\/users\/1"}],"replies":[{"embeddable":true,"href":"https:\/\/hpse.fr\/index.php\/wp-json\/wp\/v2\/comments?post=397"}],"version-history":[{"count":1,"href":"https:\/\/hpse.fr\/index.php\/wp-json\/wp\/v2\/posts\/397\/revisions"}],"predecessor-version":[{"id":399,"href":"https:\/\/hpse.fr\/index.php\/wp-json\/wp\/v2\/posts\/397\/revisions\/399"}],"wp:featuredmedia":[{"embeddable":true,"href":"https:\/\/hpse.fr\/index.php\/wp-json\/wp\/v2\/media\/390"}],"wp:attachment":[{"href":"https:\/\/hpse.fr\/index.php\/wp-json\/wp\/v2\/media?parent=397"}],"wp:term":[{"taxonomy":"category","embeddable":true,"href":"https:\/\/hpse.fr\/index.php\/wp-json\/wp\/v2\/categories?post=397"},{"taxonomy":"post_tag","embeddable":true,"href":"https:\/\/hpse.fr\/index.php\/wp-json\/wp\/v2\/tags?post=397"}],"curies":[{"name":"wp","href":"https:\/\/api.w.org\/{rel}","templated":true}]}}